{"id":3702,"global_id":"www.technaid.com\/es\/?id=3702","global_id_lineage":["www.technaid.com\/es\/?id=3702"],"author":"2","status":"publish","date":"2017-02-28 11:02:11","date_utc":"2017-02-28 11:02:11","modified":"2025-03-10 21:50:41","modified_utc":"2025-03-10 20:50:41","url":"https:\/\/www.technaid.com\/es\/event\/vi-conferencia-tecnologica-aitadis-de-soporte-a-la-discapacidad-experiencia-clinica-en-el-uso-de-tecnologias-asistivas-y-para-la-rehabilitacion\/","rest_url":"https:\/\/www.technaid.com\/es\/wp-json\/tribe\/events\/v1\/events\/3702","title":"VI Conferencia Tecnol\u00f3gica AITADIS de Soporte a la Discapacidad \u201cExperiencia Cl\u00ednica en el Uso de Tecnolog\u00edas Asistivas y para la Rehabilitaci\u00f3n","description":"<p>Fecha de evento: del 27 al 28 de noviembre de 2014<\/p>\n<p>Sede: Asunci\u00f3n (Paraguay)<\/p>","excerpt":"<p><\/p>","slug":"vi-conferencia-tecnologica-aitadis-de-soporte-a-la-discapacidad-experiencia-clinica-en-el-uso-de-tecnologias-asistivas-y-para-la-rehabilitacion","image":{"url":false,"id":2324,"extension":""},"all_day":true,"start_date":"2014-11-27 00:00:00","start_date_details":{"year":"2014","month":"11","day":"27","hour":"00","minutes":"00","seconds":"00"},"end_date":"2014-11-28 23:59:59","end_date_details":{"year":"2014","month":"11","day":"28","hour":"23","minutes":"59","seconds":"59"},"utc_start_date":"2014-11-27 00:00:00","utc_start_date_details":{"year":"2014","month":"11","day":"27","hour":"00","minutes":"00","seconds":"00"},"utc_end_date":"2014-11-28 23:59:59","utc_end_date_details":{"year":"2014","month":"11","day":"28","hour":"23","minutes":"59","seconds":"59"},"timezone":"UTC+0","timezone_abbr":"","cost":"","cost_details":{"currency_symbol":"","currency_code":"","currency_position":"prefix","values":[]},"website":"","show_map":true,"show_map_link":false,"hide_from_listings":false,"sticky":false,"featured":false,"categories":[{"name":"Pr\u00f3ximos Eventos","slug":"proximos-eventos-technaid","term_group":0,"term_taxonomy_id":602,"taxonomy":"tribe_events_cat","description":"","parent":0,"count":45,"filter":"raw","id":602,"urls":{"self":"https:\/\/www.technaid.com\/es\/wp-json\/tribe\/events\/v1\/categories\/602","collection":"https:\/\/www.technaid.com\/es\/wp-json\/tribe\/events\/v1\/categories"}}],"tags":[{"name":"cl\u00ednico","slug":"clinico","term_group":0,"term_taxonomy_id":202,"taxonomy":"post_tag","description":"","parent":0,"count":20,"filter":"raw","id":202,"urls":{"self":"https:\/\/www.technaid.com\/es\/wp-json\/tribe\/events\/v1\/tags\/202","collection":"https:\/\/www.technaid.com\/es\/wp-json\/tribe\/events\/v1\/tags"}},{"name":"conferencia","slug":"conferencia","term_group":0,"term_taxonomy_id":254,"taxonomy":"post_tag","description":"","parent":0,"count":21,"filter":"raw","id":254,"urls":{"self":"https:\/\/www.technaid.com\/es\/wp-json\/tribe\/events\/v1\/tags\/254","collection":"https:\/\/www.technaid.com\/es\/wp-json\/tribe\/events\/v1\/tags"}},{"name":"tecnolog\u00eda","slug":"tecnologia","term_group":0,"term_taxonomy_id":232,"taxonomy":"post_tag","description":"","parent":0,"count":19,"filter":"raw","id":232,"urls":{"self":"https:\/\/www.technaid.com\/es\/wp-json\/tribe\/events\/v1\/tags\/232","collection":"https:\/\/www.technaid.com\/es\/wp-json\/tribe\/events\/v1\/tags"}}],"venue":[],"organizer":[],"custom_fields":[],"json_ld":{"@context":"http:\/\/schema.org","@type":"Event","name":"VI Conferencia Tecnol\u00f3gica AITADIS de Soporte a la Discapacidad \u201cExperiencia Cl\u00ednica en el Uso de Tecnolog\u00edas Asistivas y para la Rehabilitaci\u00f3n","description":"","image":false,"url":"https:\/\/www.technaid.com\/es\/event\/vi-conferencia-tecnologica-aitadis-de-soporte-a-la-discapacidad-experiencia-clinica-en-el-uso-de-tecnologias-asistivas-y-para-la-rehabilitacion\/","eventAttendanceMode":"https:\/\/schema.org\/OfflineEventAttendanceMode","eventStatus":"https:\/\/schema.org\/EventScheduled","startDate":"2014-11-27T01:00:00+01:00","endDate":"2014-11-29T00:59:59+01:00","location":false,"performer":"Organization"}}