{"id":654,"date":"2015-06-19T00:00:00","date_gmt":"2015-06-18T22:00:00","guid":{"rendered":"https:\/\/www.technaid.com\/2015\/06\/19\/acuerdo-de-colaboracion-con-la-facultad-de-ciencias-de-la-salud-de-la-salle\/"},"modified":"2015-06-19T00:00:00","modified_gmt":"2015-06-18T22:00:00","slug":"acuerdo-de-colaboracion-con-la-facultad-de-ciencias-de-la-salud-de-la-salle","status":"publish","type":"post","link":"https:\/\/www.technaid.com\/es\/acuerdo-de-colaboracion-con-la-facultad-de-ciencias-de-la-salud-de-la-salle\/","title":{"rendered":"Acuerdo de colaboraci\u00f3n con la Facultad de Ciencias de la Salud de La Salle."},"content":{"rendered":"<p style=\"text-align: justify;\"><img decoding=\"async\" class=\"aligncenter size-full wp-image-1170 lazyload\" data-src=\"https:\/\/www.technaid.com\/wp-content\/uploads\/2016\/04\/Convenio_LaSalle.jpg\" alt=\"Convenio_LaSalle\" width=\"599\" height=\"287\" src=\"data:image\/svg+xml;base64,PHN2ZyB3aWR0aD0iMSIgaGVpZ2h0PSIxIiB4bWxucz0iaHR0cDovL3d3dy53My5vcmcvMjAwMC9zdmciPjwvc3ZnPg==\" style=\"--smush-placeholder-width: 599px; --smush-placeholder-aspect-ratio: 599\/287;\" \/><\/p>\n<hr \/>\n<p>En <strong>Technaid<\/strong> estamos convencidos de que el desarrollo de cualquier pa\u00eds necesita a la innovaci\u00f3n como pilar fundamental. El camino contrastado para conseguir este objetivo implica la colaboraci\u00f3n Universidad-Empresa. Siguiendo esta premisa, estamos orgullosos de anunciar nuestro acuerdo de colaboraci\u00f3n con la <strong>Facultad<\/strong> de <strong>Ciencias de la Salud<\/strong> de <strong>La Salle<\/strong>. A trav\u00e9s de esta colaboraci\u00f3n, dar\u00e1 comienzo la C\u00e1tedra \u201c<strong>Tecnolog\u00edas Avanzadas para el An\u00e1lisis del Movimiento y la Rehabilitaci\u00f3n<\/strong>\u201d junto a dos l\u00edneas de investigaci\u00f3n.<\/p>\n","protected":false},"excerpt":{"rendered":"<p>En Technaid estamos convencidos de que el desarrollo de cualquier pa\u00eds necesita a la innovaci\u00f3n como pilar fundamental. El camino contrastado para conseguir este objetivo implica la colaboraci\u00f3n Universidad-Empresa. Siguiendo [&hellip;]<\/p>\n","protected":false},"author":1,"featured_media":0,"comment_status":"open","ping_status":"open","sticky":false,"template":"","format":"standard","meta":{"_acf_changed":false,"_et_pb_use_builder":"","_et_pb_old_content":"","_et_gb_content_width":"","footnotes":""},"categories":[190],"tags":[236,237,238,204,25,239,219,21,240,241],"class_list":["post-654","post","type-post","status-publish","format-standard","hentry","category-noticias","tag-analisis","tag-avanzado","tag-ciecnia","tag-innovacion","tag-lasalles","tag-movimiento","tag-rehabilitacion","tag-technaid","tag-tecnologias","tag-universidad"],"acf":[],"yoast_head":"<!-- This site is optimized with the Yoast SEO plugin v27.5 - https:\/\/yoast.com\/product\/yoast-seo-wordpress\/ -->\n<title>Acuerdo de colaboraci\u00f3n con la Facultad de Ciencias de la Salud de La Salle. - Technaid<\/title>\n<meta name=\"robots\" content=\"index, follow, max-snippet:-1, max-image-preview:large, max-video-preview:-1\" \/>\n<link rel=\"canonical\" href=\"https:\/\/www.technaid.com\/es\/acuerdo-de-colaboracion-con-la-facultad-de-ciencias-de-la-salud-de-la-salle\/\" \/>\n<meta property=\"og:locale\" content=\"es_ES\" \/>\n<meta property=\"og:type\" content=\"article\" \/>\n<meta property=\"og:title\" content=\"Acuerdo de colaboraci\u00f3n con la Facultad de Ciencias de la Salud de La Salle. - Technaid\" \/>\n<meta property=\"og:description\" content=\"En Technaid estamos convencidos de que el desarrollo de cualquier pa\u00eds necesita a la innovaci\u00f3n como pilar fundamental. El camino contrastado para conseguir este objetivo implica la colaboraci\u00f3n Universidad-Empresa. Siguiendo [&hellip;]\" \/>\n<meta property=\"og:url\" content=\"https:\/\/www.technaid.com\/es\/acuerdo-de-colaboracion-con-la-facultad-de-ciencias-de-la-salud-de-la-salle\/\" \/>\n<meta property=\"og:site_name\" content=\"Technaid\" \/>\n<meta property=\"article:publisher\" content=\"https:\/\/www.facebook.com\/technaid\/\" \/>\n<meta property=\"article:published_time\" content=\"2015-06-18T22:00:00+00:00\" \/>\n<meta property=\"og:image\" content=\"https:\/\/www.technaid.com\/wp-content\/uploads\/2016\/04\/Convenio_LaSalle.jpg\" \/>\n<meta name=\"author\" content=\"Jorge\" \/>\n<meta name=\"twitter:card\" content=\"summary_large_image\" \/>\n<meta name=\"twitter:creator\" content=\"@Technaid\" \/>\n<meta name=\"twitter:site\" content=\"@Technaid\" \/>\n<meta name=\"twitter:label1\" content=\"Escrito por\" \/>\n\t<meta name=\"twitter:data1\" content=\"Jorge\" \/>\n<script type=\"application\/ld+json\" class=\"yoast-schema-graph\">{\"@context\":\"https:\\\/\\\/schema.org\",\"@graph\":[{\"@type\":\"Article\",\"@id\":\"https:\\\/\\\/www.technaid.com\\\/es\\\/acuerdo-de-colaboracion-con-la-facultad-de-ciencias-de-la-salud-de-la-salle\\\/#article\",\"isPartOf\":{\"@id\":\"https:\\\/\\\/www.technaid.com\\\/es\\\/acuerdo-de-colaboracion-con-la-facultad-de-ciencias-de-la-salud-de-la-salle\\\/\"},\"author\":{\"name\":\"Jorge\",\"@id\":\"https:\\\/\\\/www.technaid.com\\\/es\\\/#\\\/schema\\\/person\\\/1d1136bf2843004ca305db499982f5a1\"},\"headline\":\"Acuerdo de colaboraci\u00f3n con la Facultad de Ciencias de la Salud de La Salle.\",\"datePublished\":\"2015-06-18T22:00:00+00:00\",\"mainEntityOfPage\":{\"@id\":\"https:\\\/\\\/www.technaid.com\\\/es\\\/acuerdo-de-colaboracion-con-la-facultad-de-ciencias-de-la-salud-de-la-salle\\\/\"},\"wordCount\":103,\"commentCount\":0,\"publisher\":{\"@id\":\"https:\\\/\\\/www.technaid.com\\\/es\\\/#organization\"},\"image\":{\"@id\":\"https:\\\/\\\/www.technaid.com\\\/es\\\/acuerdo-de-colaboracion-con-la-facultad-de-ciencias-de-la-salud-de-la-salle\\\/#primaryimage\"},\"thumbnailUrl\":\"https:\\\/\\\/www.technaid.com\\\/wp-content\\\/uploads\\\/2016\\\/04\\\/Convenio_LaSalle.jpg\",\"keywords\":[\"An\u00e1lisis\",\"Avanzado\",\"Ciecnia\",\"innovaci\u00f3n\",\"LaSalle's\",\"Movimiento\",\"rehabilitaci\u00f3n\",\"Technaid\",\"Tecnolog\u00edas\",\"Universidad\"],\"articleSection\":[\"noticias\"],\"inLanguage\":\"es\",\"potentialAction\":[{\"@type\":\"CommentAction\",\"name\":\"Comment\",\"target\":[\"https:\\\/\\\/www.technaid.com\\\/es\\\/acuerdo-de-colaboracion-con-la-facultad-de-ciencias-de-la-salud-de-la-salle\\\/#respond\"]}]},{\"@type\":\"WebPage\",\"@id\":\"https:\\\/\\\/www.technaid.com\\\/es\\\/acuerdo-de-colaboracion-con-la-facultad-de-ciencias-de-la-salud-de-la-salle\\\/\",\"url\":\"https:\\\/\\\/www.technaid.com\\\/es\\\/acuerdo-de-colaboracion-con-la-facultad-de-ciencias-de-la-salud-de-la-salle\\\/\",\"name\":\"Acuerdo de colaboraci\u00f3n con la Facultad de Ciencias de la Salud de La Salle. - Technaid\",\"isPartOf\":{\"@id\":\"https:\\\/\\\/www.technaid.com\\\/es\\\/#website\"},\"primaryImageOfPage\":{\"@id\":\"https:\\\/\\\/www.technaid.com\\\/es\\\/acuerdo-de-colaboracion-con-la-facultad-de-ciencias-de-la-salud-de-la-salle\\\/#primaryimage\"},\"image\":{\"@id\":\"https:\\\/\\\/www.technaid.com\\\/es\\\/acuerdo-de-colaboracion-con-la-facultad-de-ciencias-de-la-salud-de-la-salle\\\/#primaryimage\"},\"thumbnailUrl\":\"https:\\\/\\\/www.technaid.com\\\/wp-content\\\/uploads\\\/2016\\\/04\\\/Convenio_LaSalle.jpg\",\"datePublished\":\"2015-06-18T22:00:00+00:00\",\"breadcrumb\":{\"@id\":\"https:\\\/\\\/www.technaid.com\\\/es\\\/acuerdo-de-colaboracion-con-la-facultad-de-ciencias-de-la-salud-de-la-salle\\\/#breadcrumb\"},\"inLanguage\":\"es\",\"potentialAction\":[{\"@type\":\"ReadAction\",\"target\":[\"https:\\\/\\\/www.technaid.com\\\/es\\\/acuerdo-de-colaboracion-con-la-facultad-de-ciencias-de-la-salud-de-la-salle\\\/\"]}]},{\"@type\":\"ImageObject\",\"inLanguage\":\"es\",\"@id\":\"https:\\\/\\\/www.technaid.com\\\/es\\\/acuerdo-de-colaboracion-con-la-facultad-de-ciencias-de-la-salud-de-la-salle\\\/#primaryimage\",\"url\":\"https:\\\/\\\/www.technaid.com\\\/wp-content\\\/uploads\\\/2016\\\/04\\\/Convenio_LaSalle.jpg\",\"contentUrl\":\"https:\\\/\\\/www.technaid.com\\\/wp-content\\\/uploads\\\/2016\\\/04\\\/Convenio_LaSalle.jpg\"},{\"@type\":\"BreadcrumbList\",\"@id\":\"https:\\\/\\\/www.technaid.com\\\/es\\\/acuerdo-de-colaboracion-con-la-facultad-de-ciencias-de-la-salud-de-la-salle\\\/#breadcrumb\",\"itemListElement\":[{\"@type\":\"ListItem\",\"position\":1,\"name\":\"Home\",\"item\":\"https:\\\/\\\/www.technaid.com\\\/es\\\/\"},{\"@type\":\"ListItem\",\"position\":2,\"name\":\"Acuerdo de colaboraci\u00f3n con la Facultad de Ciencias de la Salud de La Salle.\"}]},{\"@type\":\"WebSite\",\"@id\":\"https:\\\/\\\/www.technaid.com\\\/es\\\/#website\",\"url\":\"https:\\\/\\\/www.technaid.com\\\/es\\\/\",\"name\":\"Technaid\",\"description\":\"Leading Motion\",\"publisher\":{\"@id\":\"https:\\\/\\\/www.technaid.com\\\/es\\\/#organization\"},\"potentialAction\":[{\"@type\":\"SearchAction\",\"target\":{\"@type\":\"EntryPoint\",\"urlTemplate\":\"https:\\\/\\\/www.technaid.com\\\/es\\\/?s={search_term_string}\"},\"query-input\":{\"@type\":\"PropertyValueSpecification\",\"valueRequired\":true,\"valueName\":\"search_term_string\"}}],\"inLanguage\":\"es\"},{\"@type\":\"Organization\",\"@id\":\"https:\\\/\\\/www.technaid.com\\\/es\\\/#organization\",\"name\":\"Technaid, S.L.\",\"url\":\"https:\\\/\\\/www.technaid.com\\\/es\\\/\",\"logo\":{\"@type\":\"ImageObject\",\"inLanguage\":\"es\",\"@id\":\"https:\\\/\\\/www.technaid.com\\\/es\\\/#\\\/schema\\\/logo\\\/image\\\/\",\"url\":\"https:\\\/\\\/www.technaid.com\\\/wp-content\\\/uploads\\\/2025\\\/06\\\/LogoTechnaid.jpg\",\"contentUrl\":\"https:\\\/\\\/www.technaid.com\\\/wp-content\\\/uploads\\\/2025\\\/06\\\/LogoTechnaid.jpg\",\"width\":251,\"height\":193,\"caption\":\"Technaid, S.L.\"},\"image\":{\"@id\":\"https:\\\/\\\/www.technaid.com\\\/es\\\/#\\\/schema\\\/logo\\\/image\\\/\"},\"sameAs\":[\"https:\\\/\\\/www.facebook.com\\\/technaid\\\/\",\"https:\\\/\\\/x.com\\\/Technaid\",\"https:\\\/\\\/es.linkedin.com\\\/company\\\/technaid\",\"https:\\\/\\\/www.instagram.com\\\/technaid_company\\\/\"]},{\"@type\":\"Person\",\"@id\":\"https:\\\/\\\/www.technaid.com\\\/es\\\/#\\\/schema\\\/person\\\/1d1136bf2843004ca305db499982f5a1\",\"name\":\"Jorge\",\"image\":{\"@type\":\"ImageObject\",\"inLanguage\":\"es\",\"@id\":\"https:\\\/\\\/secure.gravatar.com\\\/avatar\\\/b01a77720cb066737b97214e41d065b5643255f20485beab9eaadb75203b5a91?s=96&d=mm&r=g\",\"url\":\"https:\\\/\\\/secure.gravatar.com\\\/avatar\\\/b01a77720cb066737b97214e41d065b5643255f20485beab9eaadb75203b5a91?s=96&d=mm&r=g\",\"contentUrl\":\"https:\\\/\\\/secure.gravatar.com\\\/avatar\\\/b01a77720cb066737b97214e41d065b5643255f20485beab9eaadb75203b5a91?s=96&d=mm&r=g\",\"caption\":\"Jorge\"},\"sameAs\":[\"https:\\\/\\\/technaid.playmebit.com\"],\"url\":\"https:\\\/\\\/www.technaid.com\\\/es\\\/author\\\/jorge\\\/\"}]}<\/script>\n<!-- \/ Yoast SEO plugin. -->","yoast_head_json":{"title":"Acuerdo de colaboraci\u00f3n con la Facultad de Ciencias de la Salud de La Salle. - Technaid","robots":{"index":"index","follow":"follow","max-snippet":"max-snippet:-1","max-image-preview":"max-image-preview:large","max-video-preview":"max-video-preview:-1"},"canonical":"https:\/\/www.technaid.com\/es\/acuerdo-de-colaboracion-con-la-facultad-de-ciencias-de-la-salud-de-la-salle\/","og_locale":"es_ES","og_type":"article","og_title":"Acuerdo de colaboraci\u00f3n con la Facultad de Ciencias de la Salud de La Salle. - Technaid","og_description":"En Technaid estamos convencidos de que el desarrollo de cualquier pa\u00eds necesita a la innovaci\u00f3n como pilar fundamental. El camino contrastado para conseguir este objetivo implica la colaboraci\u00f3n Universidad-Empresa. Siguiendo [&hellip;]","og_url":"https:\/\/www.technaid.com\/es\/acuerdo-de-colaboracion-con-la-facultad-de-ciencias-de-la-salud-de-la-salle\/","og_site_name":"Technaid","article_publisher":"https:\/\/www.facebook.com\/technaid\/","article_published_time":"2015-06-18T22:00:00+00:00","og_image":[{"url":"https:\/\/www.technaid.com\/wp-content\/uploads\/2016\/04\/Convenio_LaSalle.jpg","type":"","width":"","height":""}],"author":"Jorge","twitter_card":"summary_large_image","twitter_creator":"@Technaid","twitter_site":"@Technaid","twitter_misc":{"Escrito por":"Jorge"},"schema":{"@context":"https:\/\/schema.org","@graph":[{"@type":"Article","@id":"https:\/\/www.technaid.com\/es\/acuerdo-de-colaboracion-con-la-facultad-de-ciencias-de-la-salud-de-la-salle\/#article","isPartOf":{"@id":"https:\/\/www.technaid.com\/es\/acuerdo-de-colaboracion-con-la-facultad-de-ciencias-de-la-salud-de-la-salle\/"},"author":{"name":"Jorge","@id":"https:\/\/www.technaid.com\/es\/#\/schema\/person\/1d1136bf2843004ca305db499982f5a1"},"headline":"Acuerdo de colaboraci\u00f3n con la Facultad de Ciencias de la Salud de La Salle.","datePublished":"2015-06-18T22:00:00+00:00","mainEntityOfPage":{"@id":"https:\/\/www.technaid.com\/es\/acuerdo-de-colaboracion-con-la-facultad-de-ciencias-de-la-salud-de-la-salle\/"},"wordCount":103,"commentCount":0,"publisher":{"@id":"https:\/\/www.technaid.com\/es\/#organization"},"image":{"@id":"https:\/\/www.technaid.com\/es\/acuerdo-de-colaboracion-con-la-facultad-de-ciencias-de-la-salud-de-la-salle\/#primaryimage"},"thumbnailUrl":"https:\/\/www.technaid.com\/wp-content\/uploads\/2016\/04\/Convenio_LaSalle.jpg","keywords":["An\u00e1lisis","Avanzado","Ciecnia","innovaci\u00f3n","LaSalle's","Movimiento","rehabilitaci\u00f3n","Technaid","Tecnolog\u00edas","Universidad"],"articleSection":["noticias"],"inLanguage":"es","potentialAction":[{"@type":"CommentAction","name":"Comment","target":["https:\/\/www.technaid.com\/es\/acuerdo-de-colaboracion-con-la-facultad-de-ciencias-de-la-salud-de-la-salle\/#respond"]}]},{"@type":"WebPage","@id":"https:\/\/www.technaid.com\/es\/acuerdo-de-colaboracion-con-la-facultad-de-ciencias-de-la-salud-de-la-salle\/","url":"https:\/\/www.technaid.com\/es\/acuerdo-de-colaboracion-con-la-facultad-de-ciencias-de-la-salud-de-la-salle\/","name":"Acuerdo de colaboraci\u00f3n con la Facultad de Ciencias de la Salud de La Salle. - Technaid","isPartOf":{"@id":"https:\/\/www.technaid.com\/es\/#website"},"primaryImageOfPage":{"@id":"https:\/\/www.technaid.com\/es\/acuerdo-de-colaboracion-con-la-facultad-de-ciencias-de-la-salud-de-la-salle\/#primaryimage"},"image":{"@id":"https:\/\/www.technaid.com\/es\/acuerdo-de-colaboracion-con-la-facultad-de-ciencias-de-la-salud-de-la-salle\/#primaryimage"},"thumbnailUrl":"https:\/\/www.technaid.com\/wp-content\/uploads\/2016\/04\/Convenio_LaSalle.jpg","datePublished":"2015-06-18T22:00:00+00:00","breadcrumb":{"@id":"https:\/\/www.technaid.com\/es\/acuerdo-de-colaboracion-con-la-facultad-de-ciencias-de-la-salud-de-la-salle\/#breadcrumb"},"inLanguage":"es","potentialAction":[{"@type":"ReadAction","target":["https:\/\/www.technaid.com\/es\/acuerdo-de-colaboracion-con-la-facultad-de-ciencias-de-la-salud-de-la-salle\/"]}]},{"@type":"ImageObject","inLanguage":"es","@id":"https:\/\/www.technaid.com\/es\/acuerdo-de-colaboracion-con-la-facultad-de-ciencias-de-la-salud-de-la-salle\/#primaryimage","url":"https:\/\/www.technaid.com\/wp-content\/uploads\/2016\/04\/Convenio_LaSalle.jpg","contentUrl":"https:\/\/www.technaid.com\/wp-content\/uploads\/2016\/04\/Convenio_LaSalle.jpg"},{"@type":"BreadcrumbList","@id":"https:\/\/www.technaid.com\/es\/acuerdo-de-colaboracion-con-la-facultad-de-ciencias-de-la-salud-de-la-salle\/#breadcrumb","itemListElement":[{"@type":"ListItem","position":1,"name":"Home","item":"https:\/\/www.technaid.com\/es\/"},{"@type":"ListItem","position":2,"name":"Acuerdo de colaboraci\u00f3n con la Facultad de Ciencias de la Salud de La Salle."}]},{"@type":"WebSite","@id":"https:\/\/www.technaid.com\/es\/#website","url":"https:\/\/www.technaid.com\/es\/","name":"Technaid","description":"Leading Motion","publisher":{"@id":"https:\/\/www.technaid.com\/es\/#organization"},"potentialAction":[{"@type":"SearchAction","target":{"@type":"EntryPoint","urlTemplate":"https:\/\/www.technaid.com\/es\/?s={search_term_string}"},"query-input":{"@type":"PropertyValueSpecification","valueRequired":true,"valueName":"search_term_string"}}],"inLanguage":"es"},{"@type":"Organization","@id":"https:\/\/www.technaid.com\/es\/#organization","name":"Technaid, S.L.","url":"https:\/\/www.technaid.com\/es\/","logo":{"@type":"ImageObject","inLanguage":"es","@id":"https:\/\/www.technaid.com\/es\/#\/schema\/logo\/image\/","url":"https:\/\/www.technaid.com\/wp-content\/uploads\/2025\/06\/LogoTechnaid.jpg","contentUrl":"https:\/\/www.technaid.com\/wp-content\/uploads\/2025\/06\/LogoTechnaid.jpg","width":251,"height":193,"caption":"Technaid, S.L."},"image":{"@id":"https:\/\/www.technaid.com\/es\/#\/schema\/logo\/image\/"},"sameAs":["https:\/\/www.facebook.com\/technaid\/","https:\/\/x.com\/Technaid","https:\/\/es.linkedin.com\/company\/technaid","https:\/\/www.instagram.com\/technaid_company\/"]},{"@type":"Person","@id":"https:\/\/www.technaid.com\/es\/#\/schema\/person\/1d1136bf2843004ca305db499982f5a1","name":"Jorge","image":{"@type":"ImageObject","inLanguage":"es","@id":"https:\/\/secure.gravatar.com\/avatar\/b01a77720cb066737b97214e41d065b5643255f20485beab9eaadb75203b5a91?s=96&d=mm&r=g","url":"https:\/\/secure.gravatar.com\/avatar\/b01a77720cb066737b97214e41d065b5643255f20485beab9eaadb75203b5a91?s=96&d=mm&r=g","contentUrl":"https:\/\/secure.gravatar.com\/avatar\/b01a77720cb066737b97214e41d065b5643255f20485beab9eaadb75203b5a91?s=96&d=mm&r=g","caption":"Jorge"},"sameAs":["https:\/\/technaid.playmebit.com"],"url":"https:\/\/www.technaid.com\/es\/author\/jorge\/"}]}},"_links":{"self":[{"href":"https:\/\/www.technaid.com\/es\/wp-json\/wp\/v2\/posts\/654","targetHints":{"allow":["GET"]}}],"collection":[{"href":"https:\/\/www.technaid.com\/es\/wp-json\/wp\/v2\/posts"}],"about":[{"href":"https:\/\/www.technaid.com\/es\/wp-json\/wp\/v2\/types\/post"}],"author":[{"embeddable":true,"href":"https:\/\/www.technaid.com\/es\/wp-json\/wp\/v2\/users\/1"}],"replies":[{"embeddable":true,"href":"https:\/\/www.technaid.com\/es\/wp-json\/wp\/v2\/comments?post=654"}],"version-history":[{"count":0,"href":"https:\/\/www.technaid.com\/es\/wp-json\/wp\/v2\/posts\/654\/revisions"}],"wp:attachment":[{"href":"https:\/\/www.technaid.com\/es\/wp-json\/wp\/v2\/media?parent=654"}],"wp:term":[{"taxonomy":"category","embeddable":true,"href":"https:\/\/www.technaid.com\/es\/wp-json\/wp\/v2\/categories?post=654"},{"taxonomy":"post_tag","embeddable":true,"href":"https:\/\/www.technaid.com\/es\/wp-json\/wp\/v2\/tags?post=654"}],"curies":[{"name":"wp","href":"https:\/\/api.w.org\/{rel}","templated":true}]}}