{"id":721,"date":"2019-09-27T00:00:00","date_gmt":"2019-09-26T22:00:00","guid":{"rendered":"https:\/\/www.technaid.com\/2019\/09\/27\/ssnr-2019\/"},"modified":"2019-09-27T00:00:00","modified_gmt":"2019-09-26T22:00:00","slug":"ssnr-2019","status":"publish","type":"post","link":"https:\/\/www.technaid.com\/es\/ssnr-2019\/","title":{"rendered":"Escuela de Verano en Neuro Rehabilitaci\u00f3n 2019"},"content":{"rendered":"<p>La semana pasada asistimos como cada a\u00f1o a la Escuela de Verano en Neurorrehabilitaci\u00f3n (SSNR2019) organizada por el <a href=\"http:\/\/www.neuralrehabilitation.org\/en\/\">Grupo de Neurorrehabilitaci\u00f3n<\/a> del Instituto Cajal, perteneciente al CSIC junto al Imperial College de Londres.<\/p>\n<p>En esta edici\u00f3n pudimos disfrutar de las clases magistrales de, entre otros, Levi Hargrove y Richard Lieber, del <a href=\"https:\/\/www.sralab.org\/\">Shirley Ryan Ability Lab<\/a>, Antonio Bicchi, del <a href=\"https:\/\/iit.it\/\">Instituto Italiano de Tecnolog\u00eda<\/a> o la profesora M\u00f3nica P\u00e9rez de la <a href=\"https:\/\/www.themiamiproject.org\/\">Universidad de Miami<\/a>.<\/p>\n<p>Del mismo modo, los asistentes pudieron poner en pr\u00e1ctica varios de los avances en neurorrehabilitaci\u00f3n, durante los workshop que se llevaron a cabo por las tardes. Para tomar fuerzas despu\u00e9s de los mismos el evento cont\u00f3 tambi\u00e9n con un interesante programa social.<\/p>\n<p>Para Technaid, el evento fue muy productivo ya que pudimos presentar a los asistentes tanto la nueva versi\u00f3n de nuestro exoesqueleto, el Exo-H3, como el prototipo de rehabilitaci\u00f3n rob\u00f3tica desarrollado dentro del proyecto europeo H2020 <a href=\"https:\/\/diatomic.eu\/index.php\/pull-experiments\/smartwearable\/\">Diatomic<\/a>. Tambi\u00e9n tuvimos la oportunidad de mostrar en vivo el funcionamiento de nuestros equipos de captura de movimiento para investigaci\u00f3n e ingenier\u00eda.<\/p>\n<p>En conclusi\u00f3n, estamos muy contentos con la oportunidad que nos ha dado de conocer a nuevos investigadores en la materia, as\u00ed como tambi\u00e9n la posibilidad de reencontrarnos con viejos amigos y clientes y poder as\u00ed compartir sus experiencias.<\/p>\n","protected":false},"excerpt":{"rendered":"<p>La semana pasada asistimos como cada a\u00f1o a la Escuela de Verano en Neurorrehabilitaci\u00f3n (SSNR2019) organizada por el Grupo de Neurorrehabilitaci\u00f3n del Instituto Cajal, perteneciente al CSIC junto al Imperial [&hellip;]<\/p>\n","protected":false},"author":1,"featured_media":0,"comment_status":"open","ping_status":"open","sticky":false,"template":"","format":"standard","meta":{"_acf_changed":false,"_et_pb_use_builder":"","_et_pb_old_content":"","_et_gb_content_width":"","footnotes":""},"categories":[190],"tags":[194,197,201,202,216,122,135,150,204,198,192,267],"class_list":["post-721","post","type-post","status-publish","format-standard","hentry","category-noticias","tag-analisis-de-movimiento","tag-biomecanica","tag-biomedico","tag-clinico","tag-congreso","tag-eeg","tag-espana","tag-exo-h3","tag-innovacion","tag-neuro-rehabilitacion","tag-robotica","tag-robotica-de-rehabilitacion"],"acf":[],"yoast_head":"<!-- This site is optimized with the Yoast SEO plugin v27.5 - https:\/\/yoast.com\/product\/yoast-seo-wordpress\/ -->\n<title>Escuela de Verano en Neuro Rehabilitaci\u00f3n 2019 - Technaid<\/title>\n<meta name=\"robots\" content=\"index, follow, max-snippet:-1, max-image-preview:large, max-video-preview:-1\" \/>\n<link rel=\"canonical\" href=\"https:\/\/www.technaid.com\/es\/ssnr-2019\/\" \/>\n<meta property=\"og:locale\" content=\"es_ES\" \/>\n<meta property=\"og:type\" content=\"article\" \/>\n<meta property=\"og:title\" content=\"Escuela de Verano en Neuro Rehabilitaci\u00f3n 2019 - Technaid\" \/>\n<meta property=\"og:description\" content=\"La semana pasada asistimos como cada a\u00f1o a la Escuela de Verano en Neurorrehabilitaci\u00f3n (SSNR2019) organizada por el Grupo de Neurorrehabilitaci\u00f3n del Instituto Cajal, perteneciente al CSIC junto al Imperial [&hellip;]\" \/>\n<meta property=\"og:url\" content=\"https:\/\/www.technaid.com\/es\/ssnr-2019\/\" \/>\n<meta property=\"og:site_name\" content=\"Technaid\" \/>\n<meta property=\"article:publisher\" content=\"https:\/\/www.facebook.com\/technaid\/\" \/>\n<meta property=\"article:published_time\" content=\"2019-09-26T22:00:00+00:00\" \/>\n<meta name=\"author\" content=\"Jorge\" \/>\n<meta name=\"twitter:card\" content=\"summary_large_image\" \/>\n<meta name=\"twitter:creator\" content=\"@Technaid\" \/>\n<meta name=\"twitter:site\" content=\"@Technaid\" \/>\n<meta name=\"twitter:label1\" content=\"Escrito por\" \/>\n\t<meta name=\"twitter:data1\" content=\"Jorge\" \/>\n\t<meta name=\"twitter:label2\" content=\"Tiempo de lectura\" \/>\n\t<meta name=\"twitter:data2\" content=\"1 minuto\" \/>\n<script type=\"application\/ld+json\" class=\"yoast-schema-graph\">{\"@context\":\"https:\\\/\\\/schema.org\",\"@graph\":[{\"@type\":\"Article\",\"@id\":\"https:\\\/\\\/www.technaid.com\\\/es\\\/ssnr-2019\\\/#article\",\"isPartOf\":{\"@id\":\"https:\\\/\\\/www.technaid.com\\\/es\\\/ssnr-2019\\\/\"},\"author\":{\"name\":\"Jorge\",\"@id\":\"https:\\\/\\\/www.technaid.com\\\/es\\\/#\\\/schema\\\/person\\\/1d1136bf2843004ca305db499982f5a1\"},\"headline\":\"Escuela de Verano en Neuro Rehabilitaci\u00f3n 2019\",\"datePublished\":\"2019-09-26T22:00:00+00:00\",\"mainEntityOfPage\":{\"@id\":\"https:\\\/\\\/www.technaid.com\\\/es\\\/ssnr-2019\\\/\"},\"wordCount\":235,\"commentCount\":0,\"publisher\":{\"@id\":\"https:\\\/\\\/www.technaid.com\\\/es\\\/#organization\"},\"keywords\":[\"An\u00e1lisis de movimiento\",\"biomec\u00e1nica\",\"biom\u00e9dico\",\"cl\u00ednico\",\"congreso\",\"EEG\",\"espa\u00f1a\",\"Exo-H3\",\"innovaci\u00f3n\",\"Neuro Rehabilitaci\u00f3n\",\"rob\u00f3tica\",\"Rob\u00f3tica de rehabilitaci\u00f3n\"],\"articleSection\":[\"noticias\"],\"inLanguage\":\"es\",\"potentialAction\":[{\"@type\":\"CommentAction\",\"name\":\"Comment\",\"target\":[\"https:\\\/\\\/www.technaid.com\\\/es\\\/ssnr-2019\\\/#respond\"]}]},{\"@type\":\"WebPage\",\"@id\":\"https:\\\/\\\/www.technaid.com\\\/es\\\/ssnr-2019\\\/\",\"url\":\"https:\\\/\\\/www.technaid.com\\\/es\\\/ssnr-2019\\\/\",\"name\":\"Escuela de Verano en Neuro Rehabilitaci\u00f3n 2019 - Technaid\",\"isPartOf\":{\"@id\":\"https:\\\/\\\/www.technaid.com\\\/es\\\/#website\"},\"datePublished\":\"2019-09-26T22:00:00+00:00\",\"breadcrumb\":{\"@id\":\"https:\\\/\\\/www.technaid.com\\\/es\\\/ssnr-2019\\\/#breadcrumb\"},\"inLanguage\":\"es\",\"potentialAction\":[{\"@type\":\"ReadAction\",\"target\":[\"https:\\\/\\\/www.technaid.com\\\/es\\\/ssnr-2019\\\/\"]}]},{\"@type\":\"BreadcrumbList\",\"@id\":\"https:\\\/\\\/www.technaid.com\\\/es\\\/ssnr-2019\\\/#breadcrumb\",\"itemListElement\":[{\"@type\":\"ListItem\",\"position\":1,\"name\":\"Home\",\"item\":\"https:\\\/\\\/www.technaid.com\\\/es\\\/\"},{\"@type\":\"ListItem\",\"position\":2,\"name\":\"Escuela de Verano en Neuro Rehabilitaci\u00f3n 2019\"}]},{\"@type\":\"WebSite\",\"@id\":\"https:\\\/\\\/www.technaid.com\\\/es\\\/#website\",\"url\":\"https:\\\/\\\/www.technaid.com\\\/es\\\/\",\"name\":\"Technaid\",\"description\":\"Leading Motion\",\"publisher\":{\"@id\":\"https:\\\/\\\/www.technaid.com\\\/es\\\/#organization\"},\"potentialAction\":[{\"@type\":\"SearchAction\",\"target\":{\"@type\":\"EntryPoint\",\"urlTemplate\":\"https:\\\/\\\/www.technaid.com\\\/es\\\/?s={search_term_string}\"},\"query-input\":{\"@type\":\"PropertyValueSpecification\",\"valueRequired\":true,\"valueName\":\"search_term_string\"}}],\"inLanguage\":\"es\"},{\"@type\":\"Organization\",\"@id\":\"https:\\\/\\\/www.technaid.com\\\/es\\\/#organization\",\"name\":\"Technaid, S.L.\",\"url\":\"https:\\\/\\\/www.technaid.com\\\/es\\\/\",\"logo\":{\"@type\":\"ImageObject\",\"inLanguage\":\"es\",\"@id\":\"https:\\\/\\\/www.technaid.com\\\/es\\\/#\\\/schema\\\/logo\\\/image\\\/\",\"url\":\"https:\\\/\\\/www.technaid.com\\\/wp-content\\\/uploads\\\/2025\\\/06\\\/LogoTechnaid.jpg\",\"contentUrl\":\"https:\\\/\\\/www.technaid.com\\\/wp-content\\\/uploads\\\/2025\\\/06\\\/LogoTechnaid.jpg\",\"width\":251,\"height\":193,\"caption\":\"Technaid, S.L.\"},\"image\":{\"@id\":\"https:\\\/\\\/www.technaid.com\\\/es\\\/#\\\/schema\\\/logo\\\/image\\\/\"},\"sameAs\":[\"https:\\\/\\\/www.facebook.com\\\/technaid\\\/\",\"https:\\\/\\\/x.com\\\/Technaid\",\"https:\\\/\\\/es.linkedin.com\\\/company\\\/technaid\",\"https:\\\/\\\/www.instagram.com\\\/technaid_company\\\/\"]},{\"@type\":\"Person\",\"@id\":\"https:\\\/\\\/www.technaid.com\\\/es\\\/#\\\/schema\\\/person\\\/1d1136bf2843004ca305db499982f5a1\",\"name\":\"Jorge\",\"image\":{\"@type\":\"ImageObject\",\"inLanguage\":\"es\",\"@id\":\"https:\\\/\\\/secure.gravatar.com\\\/avatar\\\/b01a77720cb066737b97214e41d065b5643255f20485beab9eaadb75203b5a91?s=96&d=mm&r=g\",\"url\":\"https:\\\/\\\/secure.gravatar.com\\\/avatar\\\/b01a77720cb066737b97214e41d065b5643255f20485beab9eaadb75203b5a91?s=96&d=mm&r=g\",\"contentUrl\":\"https:\\\/\\\/secure.gravatar.com\\\/avatar\\\/b01a77720cb066737b97214e41d065b5643255f20485beab9eaadb75203b5a91?s=96&d=mm&r=g\",\"caption\":\"Jorge\"},\"sameAs\":[\"https:\\\/\\\/technaid.playmebit.com\"],\"url\":\"https:\\\/\\\/www.technaid.com\\\/es\\\/author\\\/jorge\\\/\"}]}<\/script>\n<!-- \/ Yoast SEO plugin. -->","yoast_head_json":{"title":"Escuela de Verano en Neuro Rehabilitaci\u00f3n 2019 - Technaid","robots":{"index":"index","follow":"follow","max-snippet":"max-snippet:-1","max-image-preview":"max-image-preview:large","max-video-preview":"max-video-preview:-1"},"canonical":"https:\/\/www.technaid.com\/es\/ssnr-2019\/","og_locale":"es_ES","og_type":"article","og_title":"Escuela de Verano en Neuro Rehabilitaci\u00f3n 2019 - Technaid","og_description":"La semana pasada asistimos como cada a\u00f1o a la Escuela de Verano en Neurorrehabilitaci\u00f3n (SSNR2019) organizada por el Grupo de Neurorrehabilitaci\u00f3n del Instituto Cajal, perteneciente al CSIC junto al Imperial [&hellip;]","og_url":"https:\/\/www.technaid.com\/es\/ssnr-2019\/","og_site_name":"Technaid","article_publisher":"https:\/\/www.facebook.com\/technaid\/","article_published_time":"2019-09-26T22:00:00+00:00","author":"Jorge","twitter_card":"summary_large_image","twitter_creator":"@Technaid","twitter_site":"@Technaid","twitter_misc":{"Escrito por":"Jorge","Tiempo de lectura":"1 minuto"},"schema":{"@context":"https:\/\/schema.org","@graph":[{"@type":"Article","@id":"https:\/\/www.technaid.com\/es\/ssnr-2019\/#article","isPartOf":{"@id":"https:\/\/www.technaid.com\/es\/ssnr-2019\/"},"author":{"name":"Jorge","@id":"https:\/\/www.technaid.com\/es\/#\/schema\/person\/1d1136bf2843004ca305db499982f5a1"},"headline":"Escuela de Verano en Neuro Rehabilitaci\u00f3n 2019","datePublished":"2019-09-26T22:00:00+00:00","mainEntityOfPage":{"@id":"https:\/\/www.technaid.com\/es\/ssnr-2019\/"},"wordCount":235,"commentCount":0,"publisher":{"@id":"https:\/\/www.technaid.com\/es\/#organization"},"keywords":["An\u00e1lisis de movimiento","biomec\u00e1nica","biom\u00e9dico","cl\u00ednico","congreso","EEG","espa\u00f1a","Exo-H3","innovaci\u00f3n","Neuro Rehabilitaci\u00f3n","rob\u00f3tica","Rob\u00f3tica de rehabilitaci\u00f3n"],"articleSection":["noticias"],"inLanguage":"es","potentialAction":[{"@type":"CommentAction","name":"Comment","target":["https:\/\/www.technaid.com\/es\/ssnr-2019\/#respond"]}]},{"@type":"WebPage","@id":"https:\/\/www.technaid.com\/es\/ssnr-2019\/","url":"https:\/\/www.technaid.com\/es\/ssnr-2019\/","name":"Escuela de Verano en Neuro Rehabilitaci\u00f3n 2019 - Technaid","isPartOf":{"@id":"https:\/\/www.technaid.com\/es\/#website"},"datePublished":"2019-09-26T22:00:00+00:00","breadcrumb":{"@id":"https:\/\/www.technaid.com\/es\/ssnr-2019\/#breadcrumb"},"inLanguage":"es","potentialAction":[{"@type":"ReadAction","target":["https:\/\/www.technaid.com\/es\/ssnr-2019\/"]}]},{"@type":"BreadcrumbList","@id":"https:\/\/www.technaid.com\/es\/ssnr-2019\/#breadcrumb","itemListElement":[{"@type":"ListItem","position":1,"name":"Home","item":"https:\/\/www.technaid.com\/es\/"},{"@type":"ListItem","position":2,"name":"Escuela de Verano en Neuro Rehabilitaci\u00f3n 2019"}]},{"@type":"WebSite","@id":"https:\/\/www.technaid.com\/es\/#website","url":"https:\/\/www.technaid.com\/es\/","name":"Technaid","description":"Leading Motion","publisher":{"@id":"https:\/\/www.technaid.com\/es\/#organization"},"potentialAction":[{"@type":"SearchAction","target":{"@type":"EntryPoint","urlTemplate":"https:\/\/www.technaid.com\/es\/?s={search_term_string}"},"query-input":{"@type":"PropertyValueSpecification","valueRequired":true,"valueName":"search_term_string"}}],"inLanguage":"es"},{"@type":"Organization","@id":"https:\/\/www.technaid.com\/es\/#organization","name":"Technaid, S.L.","url":"https:\/\/www.technaid.com\/es\/","logo":{"@type":"ImageObject","inLanguage":"es","@id":"https:\/\/www.technaid.com\/es\/#\/schema\/logo\/image\/","url":"https:\/\/www.technaid.com\/wp-content\/uploads\/2025\/06\/LogoTechnaid.jpg","contentUrl":"https:\/\/www.technaid.com\/wp-content\/uploads\/2025\/06\/LogoTechnaid.jpg","width":251,"height":193,"caption":"Technaid, S.L."},"image":{"@id":"https:\/\/www.technaid.com\/es\/#\/schema\/logo\/image\/"},"sameAs":["https:\/\/www.facebook.com\/technaid\/","https:\/\/x.com\/Technaid","https:\/\/es.linkedin.com\/company\/technaid","https:\/\/www.instagram.com\/technaid_company\/"]},{"@type":"Person","@id":"https:\/\/www.technaid.com\/es\/#\/schema\/person\/1d1136bf2843004ca305db499982f5a1","name":"Jorge","image":{"@type":"ImageObject","inLanguage":"es","@id":"https:\/\/secure.gravatar.com\/avatar\/b01a77720cb066737b97214e41d065b5643255f20485beab9eaadb75203b5a91?s=96&d=mm&r=g","url":"https:\/\/secure.gravatar.com\/avatar\/b01a77720cb066737b97214e41d065b5643255f20485beab9eaadb75203b5a91?s=96&d=mm&r=g","contentUrl":"https:\/\/secure.gravatar.com\/avatar\/b01a77720cb066737b97214e41d065b5643255f20485beab9eaadb75203b5a91?s=96&d=mm&r=g","caption":"Jorge"},"sameAs":["https:\/\/technaid.playmebit.com"],"url":"https:\/\/www.technaid.com\/es\/author\/jorge\/"}]}},"_links":{"self":[{"href":"https:\/\/www.technaid.com\/es\/wp-json\/wp\/v2\/posts\/721","targetHints":{"allow":["GET"]}}],"collection":[{"href":"https:\/\/www.technaid.com\/es\/wp-json\/wp\/v2\/posts"}],"about":[{"href":"https:\/\/www.technaid.com\/es\/wp-json\/wp\/v2\/types\/post"}],"author":[{"embeddable":true,"href":"https:\/\/www.technaid.com\/es\/wp-json\/wp\/v2\/users\/1"}],"replies":[{"embeddable":true,"href":"https:\/\/www.technaid.com\/es\/wp-json\/wp\/v2\/comments?post=721"}],"version-history":[{"count":0,"href":"https:\/\/www.technaid.com\/es\/wp-json\/wp\/v2\/posts\/721\/revisions"}],"wp:attachment":[{"href":"https:\/\/www.technaid.com\/es\/wp-json\/wp\/v2\/media?parent=721"}],"wp:term":[{"taxonomy":"category","embeddable":true,"href":"https:\/\/www.technaid.com\/es\/wp-json\/wp\/v2\/categories?post=721"},{"taxonomy":"post_tag","embeddable":true,"href":"https:\/\/www.technaid.com\/es\/wp-json\/wp\/v2\/tags?post=721"}],"curies":[{"name":"wp","href":"https:\/\/api.w.org\/{rel}","templated":true}]}}